{"id":437,"date":"2008-01-15T15:09:46","date_gmt":"2008-01-15T14:09:46","guid":{"rendered":"https:\/\/www.dsenieuws.nl\/archief\/uncategorized\/landelijke-dichtersdag-in-de-bibliotheek-witte-dame-poethement\/"},"modified":"2008-01-15T15:09:46","modified_gmt":"2008-01-15T14:09:46","slug":"landelijke-dichtersdag-in-de-bibliotheek-witte-dame-poethement","status":"publish","type":"post","link":"https:\/\/www.dse.nl\/archief\/uncategorized\/landelijke-dichtersdag-in-de-bibliotheek-witte-dame-poethement\/","title":{"rendered":"Landelijke Dichtersdag in de Bibliotheek Witte Dame (Poethement)"},"content":{"rendered":"<p>31 januari is d\u00e9 dag voor po\u00ebten in Nederland en in Vlaanderen. In Eindhoven wordt deze dag sinds 2002 gehouden. Het aanbod van dichters die willen deelnemen aan deze dag is dit jaar bijzonder hoog. <strong>Daarom vangt het podium in de bibliotheek niet om 20.00 uur aan maar om 18.00 uur.<\/strong><br \/>\n<!--more--><br \/>\n31 januari is d\u00e9 dag voor po\u00ebten in Nederland en in Vlaanderen. In Eindhoven wordt deze dag sinds 2002 gehouden. Het aanbod van dichters die willen deelnemen aan deze dag is dit jaar bijzonder hoog. <strong>Daarom vangt het podium in de bibliotheek niet om 20.00 uur aan maar om 18.00 uur.<\/strong><!--break--><\/p>\n<p>Alle dichters hebben de opdracht om tenminste een gedicht voor te dragen over een ding waar zij iets mee hebben (gehad). Uit een klein onderzoek uit de bundels van dichters in de regio sinds 1939-2000 blijkt dat over het onderwerp slechts matig wordt gedicht. De weinigen die in het verleden echt aan het criterium van deze dag  (iets mee hebben) zouden voldoen, zijn Nel Verhoeven \u2013beeldend kunstenaar- als ze  bijvoorbeeld over haar jurk schrijft. En Karin Baggermans over een kinderbeker.<\/p>\n<p>Deze po\u00ebziedag is niet alleen voor de dichters zelf maar ook voor hun publiek en po\u00ebzieliefhebbers in het algemeen. Deze avond treden veel gearriveerde dichters op!<br \/>\nDe avond wordt door twee personen gepresenteerd. Het eerste gedeelte in de vorm van<br \/>\neen Literaire Instuif door de dichter Robert Tau (18.00 uur -20.00 uur) en het tweede deel door de dichter Pierre Mar\u00e9chal (20.00 uur-22.00 uur).<\/p>\n<p>Aan de avond werken de volgende dichters mee:<br \/>\nWillem Adelaar. Ria van Amelsfoort (Explanade), Jacob Bisschops, Catharina Boer, Wilco Bosems, Else Bruinink, Andr\u00e9 van Eynthoeve, Carola Eysenring, Bart de Groof, John H\u00f6lgens, Frans van Hoof (2e stadsdichter van Eindhoven), Dorette van Kalmthout, Chris van Lenteren, Eva Libra, Pierre Mar\u00e9chal, Gerrie Mateeussen,Yvonne Mulder, Marianne Pepels, Jan van der Pol (1e stadsdichter van Eindhoven), Theo van der Put, Ans Robben, Lien Smets, Theo Smit, Robert Tau, Kees van Vessem, Eric Vink en Gerard Vromen.<\/p>\n<p>Er kunnen zich nog enkele dichters melden voor de vroege avond (zie bij de adressen).<\/p>\n<p>Tijdens de avond is er gelegenheid voor de dichters om hun dichtbundels te verkopen en te signeren zo men dat wil.<\/p>\n<p>Muzikale omlijsting: Wim van de Ven.  Techniek: Nick Brok en Frank Mar\u00e9chal<\/p>\n<p>Organisatie &#038; Presentatie: Pierre Mar\u00e9chal (deWitteDame-Po\u00ebthement).<br \/>\n(pmarechal@orange.nl)<br \/>\nWaar: Bibliotheek deWitteDame in het centrum van Eindhoven. Aan de Emmasingel 22, 5611 AZ. Men kan met een trap of een lift naar de bibliotheek.<br \/>\nWanneer: Donderdag 31 januari 2008.<br \/>\nTijd: 18.00 uur. (De bibliotheek wordt om 20.00 uur gesloten! belangstellenden en<br \/>\ngenodigden dienen voor 20.00 uur aanwezig te zijn.). Wij streven er naar om rond<br \/>\n22.00 de avond te sluiten.\t<\/p>\n<p>De locatie ligt in het Eindhovens Centrum en is zowel per trein als per bus bereikbaar.<\/p>\n","protected":false},"excerpt":{"rendered":"<p>31 januari is d\u00e9 dag voor po\u00ebten in Nederland en in Vlaanderen. In Eindhoven wordt deze dag sinds 2002 gehouden. Het aanbod van dichters die willen deelnemen aan deze dag is dit jaar bijzonder hoog. Daarom vangt het podium in de bibliotheek niet om 20.00 uur aan maar om 18.00 uur.<\/p>\n","protected":false},"author":1,"featured_media":0,"comment_status":"open","ping_status":"open","sticky":false,"template":"","format":"standard","meta":{"footnotes":""},"categories":[1],"tags":[],"_links":{"self":[{"href":"https:\/\/www.dse.nl\/archief\/wp-json\/wp\/v2\/posts\/437"}],"collection":[{"href":"https:\/\/www.dse.nl\/archief\/wp-json\/wp\/v2\/posts"}],"about":[{"href":"https:\/\/www.dse.nl\/archief\/wp-json\/wp\/v2\/types\/post"}],"author":[{"embeddable":true,"href":"https:\/\/www.dse.nl\/archief\/wp-json\/wp\/v2\/users\/1"}],"replies":[{"embeddable":true,"href":"https:\/\/www.dse.nl\/archief\/wp-json\/wp\/v2\/comments?post=437"}],"version-history":[{"count":0,"href":"https:\/\/www.dse.nl\/archief\/wp-json\/wp\/v2\/posts\/437\/revisions"}],"wp:attachment":[{"href":"https:\/\/www.dse.nl\/archief\/wp-json\/wp\/v2\/media?parent=437"}],"wp:term":[{"taxonomy":"category","embeddable":true,"href":"https:\/\/www.dse.nl\/archief\/wp-json\/wp\/v2\/categories?post=437"},{"taxonomy":"post_tag","embeddable":true,"href":"https:\/\/www.dse.nl\/archief\/wp-json\/wp\/v2\/tags?post=437"}],"curies":[{"name":"wp","href":"https:\/\/api.w.org\/{rel}","templated":true}]}}