{"id":1387,"date":"2017-10-13T22:14:13","date_gmt":"2017-10-13T20:14:13","guid":{"rendered":"https:\/\/www.dsenieuws.nl\/archief\/uncategorized\/bahais-uit-eindhoven-en-veldhoven-vieren-jubileumjaar\/"},"modified":"2017-10-13T22:14:13","modified_gmt":"2017-10-13T20:14:13","slug":"bahais-uit-eindhoven-en-veldhoven-vieren-jubileumjaar","status":"publish","type":"post","link":"https:\/\/www.dse.nl\/archief\/uncategorized\/bahais-uit-eindhoven-en-veldhoven-vieren-jubileumjaar\/","title":{"rendered":"Bah\u00e1\u2019\u00eds uit Eindhoven en Veldhoven vieren jubileumjaar!"},"content":{"rendered":"<p>Eindhoven\/Veldhoven &#8211; De Eindhovense en Veldhovense bah\u00e1\u2019\u00ed-gemeenschappen bereiden zich voor op de viering van de geboortedagen van de \u201dTweeling-manifestaties\u201d, de B\u00e1b en Bah\u00e1\u2019u\u2019ll\u00e1h, de grondleggers van het Bah\u00e1\u2019\u00ed Geloof. En omdat het 200 jaar geleden is dat Bah\u00e1\u2019u\u2019ll\u00e1h in het hedendaagse Iran is geboren wordt aan dit jubileum extra veel aandacht besteed gedurende het weekend van 21 en 22 oktober aanstaande.<br \/>\n<!--more--><br \/>\nEindhoven\/Veldhoven &#8211; De Eindhovense en Veldhovense bah\u00e1\u2019\u00ed-gemeenschappen bereiden zich voor op de viering van de geboortedagen van de \u201dTweeling-manifestaties\u201d, de B\u00e1b en Bah\u00e1\u2019u\u2019ll\u00e1h, de grondleggers van het Bah\u00e1\u2019\u00ed Geloof. En omdat het 200 jaar geleden is dat Bah\u00e1\u2019u\u2019ll\u00e1h in het hedendaagse Iran is geboren wordt aan dit jubileum extra veel aandacht besteed gedurende het weekend van 21 en 22 oktober aanstaande.<br \/>\nOmdat het pad voor het Bah\u00e1\u2019\u00ed Geloof werd voorbereid door de voorloper van Bah\u00e1\u2019u\u2019ll\u00e1h , genaamd de B\u00e1b, die in de toenmalige maankalender \u00e9\u00e9n dag eerder werd geboren dan Bah\u00e1\u2019u\u2019ll\u00e1h, worden deze geboortedagen van de \u201dTweeling-manifestaties\u201d wereldwijd als \u00e9\u00e9n aaneensluitend feest gevierd. Het feest van de 198ste geboortedag van de B\u00e1b zal in Eindhoven op zaterdag middag 21 oktober plaatsvinden en de viering van de 200ste geboortedag van Bah\u00e1\u2019u\u2019ll\u00e1h zal aansluitend op zaterdagavond 21 oktober zijn. Het hoogste doel van de bah\u00e1\u2019\u00eds is het vestigen van een nieuwe beschaving, die gebaseerd is op Eenheid: van God, van religies en van de mensheid, en waarin het materi\u00eble en geestelijke aspect in balans zijn. Essentieel daarvoor is wereldvrede, waarvan Bah\u00e1\u2019u\u2019ll\u00e1h heeft verkondigd dat:<\/p>\n<p>\u201dHet welzijn van de mensheid, haar vrede en veiligheid, zijn onbereikbaar tenzij en totdat haar eenheid stevig is gevestigd.\u201d<\/p>\n<p>Wereldwijd zijn bah\u00e1&#8217;\u00ed&#8217;s op verschillende manieren en op verschillende niveau&#8217;s aan deze taak toegewijd bezig, iedereen uitnodigend om mee te werken aan de verbetering van de wereld.<br \/>\nHierbij nodigen wij alvast iedereen uit die sympathie heeft voor de bah\u00e1\u2019\u00ed-zaak, om \u00e9\u00e9n van de twee vieringen, of alle twee, met de bah\u00e1\u2019\u00eds te delen.<br \/>\nEr wordt een gevarieerd programma aangeboden, met gelezen en gezongen teksten, afgewisseld met live muziek en zang, dat een inzicht geeft in wat bah\u00e1\u2019\u00eds bezield en hoe ze te werk gaan om bij te dragen aan een betere maatschappij.<br \/>\nHet middag programma start om 14:30 uur met de viering van 198e geboortedag van de Bab en wordt afgesloten met een gezamenlijke maaltijd van 17:00 tot 18:30 uur.<br \/>\nHet avondprogramma met de  viering van de 200e geboortedag van Bah\u00e1\u2019u\u2019ll\u00e1h start om 19.00 uur en zal eindigen om ca 22.00 uur.<\/p>\n<p>Plaats:\t\u201dDe Plek\u201d bij de Hovenring, adres: Noord Brabantlaan 303, 5657GB Eindhoven<br \/>\nContact:\tVoor aanmelding of eventuele vragen kunt u een e-mail sturen naar bahaiheiligedagen@gmail.com<\/p>\n<p>Feestelijke meditatieve bijeenkomst <\/p>\n<p>Aansluitend op de viering van de 200ste geboortedag van Bah\u00e1\u2019u\u2019ll\u00e1h is er op zondag 22 oktober een feestelijke meditatieve bijeenkomst van 10.00 \u2013 12.00 uur. Het programma bestaat uit gebeden en teksten van Bah\u00e1\u2019u\u2019ll\u00e1h afgewisseld met muziek. Bah\u00e1\u2019u\u2019ll\u00e1h zegt in een van zijn boeken:<\/p>\n<p>\u201dO Vriend! Plant in de tuin van uw hart slechts de roos der liefde\u201d<\/p>\n<p>Na afloop is er gelegenheid om koffie en thee te drinken en met elkaar na te praten. Aanmelden is niet nodig. Iedereen is van harte welkom bij:<br \/>\nFrans en Riet Devilee | Molenberg 13 | 5508 DE  Veldhoven | tel. 040 254 17 71<\/p>\n","protected":false},"excerpt":{"rendered":"<p>Eindhoven\/Veldhoven &#8211; De Eindhovense en Veldhovense bah\u00e1\u2019\u00ed-gemeenschappen bereiden zich voor op de viering van de geboortedagen van de \u201dTweeling-manifestaties\u201d, de B\u00e1b en Bah\u00e1\u2019u\u2019ll\u00e1h, de grondleggers van het Bah\u00e1\u2019\u00ed Geloof. En omdat het 200 jaar geleden is dat Bah\u00e1\u2019u\u2019ll\u00e1h in het hedendaagse Iran is geboren wordt aan dit jubileum extra veel aandacht besteed gedurende het weekend van 21 en 22 oktober<\/p>\n","protected":false},"author":120,"featured_media":0,"comment_status":"open","ping_status":"open","sticky":false,"template":"","format":"standard","meta":{"footnotes":""},"categories":[1],"tags":[],"_links":{"self":[{"href":"https:\/\/www.dse.nl\/archief\/wp-json\/wp\/v2\/posts\/1387"}],"collection":[{"href":"https:\/\/www.dse.nl\/archief\/wp-json\/wp\/v2\/posts"}],"about":[{"href":"https:\/\/www.dse.nl\/archief\/wp-json\/wp\/v2\/types\/post"}],"author":[{"embeddable":true,"href":"https:\/\/www.dse.nl\/archief\/wp-json\/wp\/v2\/users\/120"}],"replies":[{"embeddable":true,"href":"https:\/\/www.dse.nl\/archief\/wp-json\/wp\/v2\/comments?post=1387"}],"version-history":[{"count":0,"href":"https:\/\/www.dse.nl\/archief\/wp-json\/wp\/v2\/posts\/1387\/revisions"}],"wp:attachment":[{"href":"https:\/\/www.dse.nl\/archief\/wp-json\/wp\/v2\/media?parent=1387"}],"wp:term":[{"taxonomy":"category","embeddable":true,"href":"https:\/\/www.dse.nl\/archief\/wp-json\/wp\/v2\/categories?post=1387"},{"taxonomy":"post_tag","embeddable":true,"href":"https:\/\/www.dse.nl\/archief\/wp-json\/wp\/v2\/tags?post=1387"}],"curies":[{"name":"wp","href":"https:\/\/api.w.org\/{rel}","templated":true}]}}